{"id":2605,"date":"2023-02-25T17:39:06","date_gmt":"2023-02-25T13:39:06","guid":{"rendered":"http:\/\/domounlaplaine.re\/?p=2605"},"modified":"2023-02-25T17:39:06","modified_gmt":"2023-02-25T13:39:06","slug":"rando-festive","status":"publish","type":"post","link":"http:\/\/domounlaplaine.re\/?p=2605","title":{"rendered":"rando festive"},"content":{"rendered":"\n<p>Bonjour \u00e0 toutes et \u00e0 tous,<\/p>\n\n\n\n<p>Lors de la derni\u00e8re Assembl\u00e9e G\u00e9n\u00e9rale, certains d\u2019entre vous aviez \u00e9mis l\u2019id\u00e9e d\u2019organiser un \u00e9v\u00e8nement festif pour marquer notre succ\u00e8s dans le combat contre le projet de tyroliennes au d\u00e9part du sommet du Piton Dugain.<\/p>\n\n\n\n<p>Nous sommes heureux de vous proposer pour cela&nbsp;<strong>un grand pique-nique partage le dimanche 2 avril 2023, vers midi, sur l\u2019aire de pique-nique du Piton sec<\/strong>.<\/p>\n\n\n\n<p><strong>Pour s\u2019y rendre en voiture<\/strong>, prendre la Route Foresti\u00e8re du Volcan. Apr\u00e8s Marmite Lontan, prendre la route \u00e0 gauche indiqu\u00e9e Aire de pique-nique du Piton sec et se trouver une place sur le parking.<\/p>\n\n\n\n<p>Mais nous proposerons&nbsp;<strong>\u00e0 toutes celles et tous ceux qui le voudront une petite randonn\u00e9e d\u2019environ 7 km au d\u00e9part de Bourg Murat<\/strong>, sur la route du Champ de foire, pr\u00e8s du lotissement Les Topazes. Nous nous rendrons ainsi \u00e0 pied jusqu\u2019\u00e0 l\u2019aire de pique-nique, en partant de Bourg Murat \u00e0 9 h 30. De bons marcheurs mettent environ 1 h 00 pour arriver \u00e0 l\u2019aire de pique-nique, il faut compter le double pour de moins bons marcheurs et des enfants de 5 \u00e0 12 ans. En fonction de l\u2019envie des gens, on pourra pousser jusqu\u2019aux Trous blancs et revenir par le Sentier du Milieu. Ou bien encore celui du&nbsp;<strong>Tamarin Dodo<\/strong>,&nbsp;<em>acacia heterophylla<\/em>&nbsp;tricentenaire spectaculaire (il faut rajouter un bon kilom\u00e8tre).<\/p>\n\n\n\n<figure class=\"wp-block-image\"><img decoding=\"async\" src=\"https:\/\/mail01.orange.fr\/appsuite\/api\/image\/mail\/picture?folder=default0%2FINBOX&amp;id=131658&amp;uid=image004.png%4001D94885.3B923C70\" alt=\"\"\/><\/figure>\n\n\n\n<p>Et ensuite, place \u00e0 l\u2019ap\u00e9ro et au&nbsp;<strong>pique-nique partage<\/strong>. Pour la 1<sup>e<\/sup>&nbsp;fois dans notre parcours depuis septembre 2021, nous nous retrouverons pour f\u00eater une victoire.<\/p>\n\n\n\n<p><strong>J\u2019invite tout un chacun \u00e0 diffuser ce message autour de soi aupr\u00e8s des personnes, coordinations, associations, qui ont soutenu Domoun la Plaine dans son combat.<\/strong><\/p>\n\n\n\n<p>Merci aussi de r\u00e9pondre pour confirmer votre participation en pr\u00e9cisant le nombre de personnes que vous emm\u00e8neriez avec vous.<\/p>\n\n\n\n<p>Bon week-end et \u00e0 bient\u00f4t.<\/p>\n","protected":false},"excerpt":{"rendered":"<p>Bonjour \u00e0 toutes et \u00e0 tous, Lors de la derni\u00e8re Assembl\u00e9e G\u00e9n\u00e9rale, certains d\u2019entre vous aviez \u00e9mis l\u2019id\u00e9e d\u2019organiser un \u00e9v\u00e8nement festif pour marquer notre succ\u00e8s dans le combat contre le projet de tyroliennes au d\u00e9part du sommet du Piton Dugain. Nous sommes heureux de vous proposer pour cela&nbsp;un grand pique-nique partage le dimanche 2 [&hellip;]<\/p>\n","protected":false},"author":1,"featured_media":0,"comment_status":"open","ping_status":"open","sticky":false,"template":"","format":"standard","meta":{"footnotes":""},"categories":[1],"tags":[],"class_list":["post-2605","post","type-post","status-publish","format-standard","hentry","category-uncategorized"],"_links":{"self":[{"href":"http:\/\/domounlaplaine.re\/index.php?rest_route=\/wp\/v2\/posts\/2605","targetHints":{"allow":["GET"]}}],"collection":[{"href":"http:\/\/domounlaplaine.re\/index.php?rest_route=\/wp\/v2\/posts"}],"about":[{"href":"http:\/\/domounlaplaine.re\/index.php?rest_route=\/wp\/v2\/types\/post"}],"author":[{"embeddable":true,"href":"http:\/\/domounlaplaine.re\/index.php?rest_route=\/wp\/v2\/users\/1"}],"replies":[{"embeddable":true,"href":"http:\/\/domounlaplaine.re\/index.php?rest_route=%2Fwp%2Fv2%2Fcomments&post=2605"}],"version-history":[{"count":1,"href":"http:\/\/domounlaplaine.re\/index.php?rest_route=\/wp\/v2\/posts\/2605\/revisions"}],"predecessor-version":[{"id":2606,"href":"http:\/\/domounlaplaine.re\/index.php?rest_route=\/wp\/v2\/posts\/2605\/revisions\/2606"}],"wp:attachment":[{"href":"http:\/\/domounlaplaine.re\/index.php?rest_route=%2Fwp%2Fv2%2Fmedia&parent=2605"}],"wp:term":[{"taxonomy":"category","embeddable":true,"href":"http:\/\/domounlaplaine.re\/index.php?rest_route=%2Fwp%2Fv2%2Fcategories&post=2605"},{"taxonomy":"post_tag","embeddable":true,"href":"http:\/\/domounlaplaine.re\/index.php?rest_route=%2Fwp%2Fv2%2Ftags&post=2605"}],"curies":[{"name":"wp","href":"https:\/\/api.w.org\/{rel}","templated":true}]}}